{"id":12245,"date":"2020-01-28T10:26:37","date_gmt":"2020-01-28T10:26:37","guid":{"rendered":"https:\/\/iberiancamps.com\/?p=12245"},"modified":"2020-01-28T10:26:37","modified_gmt":"2020-01-28T10:26:37","slug":"diversion-y-aprendizaje-de-idiomas-en-alicante","status":"publish","type":"post","link":"https:\/\/iberiancamps.com\/fr\/diversion-y-aprendizaje-de-idiomas-en-alicante\/","title":{"rendered":"Diversi\u00f3n y aprendizaje de idiomas en Alicante"},"content":{"rendered":"<p><em>Os adjuntamos la \u00faltima entrevista que nos ha hecho el portal <a href=\"https:\/\/www.prontopro.es\/blog\/diversion-y-aprendizaje-de-idiomas-en-alicante\/\">ProntoPro<\/a> y que nos gustar\u00eda compartir con vosotros tambi\u00e9n.\u00a0<\/em><\/p>\n<p>&nbsp;<\/p>\n<p><strong>Lorena Javaloyes<\/strong> dirige desde hace 3 a\u00f1os la empresa que cre\u00f3 ella misma, <a href=\"http:\/\/www.iberiancamps.com\">IBERIAN CAMPS<\/a>. Estudi\u00f3 Traducci\u00f3n e Interpretaci\u00f3n en la Universidad de Alicante, por lo que su vida siempre ha estado ligada a otros pa\u00edses, culturas y a personas de otras nacionalidades. <!--more-->Durante 15 a\u00f1os trabaj\u00f3 en Comercio Exterior hasta que lleg\u00f3 un punto de inflexi\u00f3n en su vida y pudo fundar su propia empresa. Lorena quiso dirigir su propio proyecto siendo su propia jefa y aprovechando su experiencia en la empresa privada. En los inicios cont\u00f3 con la ayuda de su coach, quien le ayud\u00f3 a definir la idea de negocio y le acompa\u00f1\u00f3 en la primera etapa del proyecto.<\/p>\n<p>&nbsp;<\/p>\n<p>La idea inicial surgi\u00f3 con el prop\u00f3sito de organizar y comercializar un campamento de espa\u00f1ol en Alicante, dirigido a adolescentes extranjeros que desearan vivir una experiencia \u00fanica mientras aprend\u00edan espa\u00f1ol y se divert\u00edan. Despu\u00e9s, para incrementar la inmersi\u00f3n ling\u00fc\u00edstica, comprendi\u00f3 que ser\u00eda mejor si esos j\u00f3venes pod\u00edan interactuar con otros adolescentes espa\u00f1oles, por lo que decidi\u00f3 organizar tambi\u00e9n un campamento de ingl\u00e9s, que coincidiera en tiempo y lugar con el de espa\u00f1ol.<\/p>\n<p><strong>Ambos campamentos tienen por las ma\u00f1anas clases de idiomas con profesores nativos y a partir del mediod\u00eda, espa\u00f1oles y extranjeros se juntan para comer y pasar el resto del d\u00eda juntos<\/strong>. Promueven las relaciones multiculturales por encima de cualquier otro objetivo. Por las ma\u00f1anas van a clase, pero<strong> por las tardes realizan actividades deportivas o culturales<\/strong>, se acercan a la playa a hacer deportes n\u00e1uticos y a disfrutar del mar alicantino y excursionan a los lugares m\u00e1s interesantes y divertidos de la provincia. Adem\u00e1s, los campamentos de Iberian Camps responden a un <strong>est\u00e1ndar de calidad alto<\/strong> porque prefieren ofrecer programas con unas caracter\u00edsticas excelentes y llegar a un p\u00fablico m\u00e1s exigente.<\/p>\n<p>Un a\u00f1o despu\u00e9s aumentaron su oferta a otros <strong>campamentos deportivos (de <a href=\"https:\/\/iberiancamps.com\/campamento-de-tenis-ferrero-stage\/\">tenis<\/a>, <a href=\"https:\/\/iberiancamps.com\/campamento-de-futbol-fcporto\/\">f\u00fatbol<\/a> y <a href=\"https:\/\/iberiancamps.com\/campamento-de-deportes-nauticos-arbolar\/\">deportes n\u00e1utico<i>s<\/i><\/a>)<\/strong> para esos ni\u00f1os que tienen muy claro lo que les gusta y s\u00f3lo desean practicar ese deporte en concreto, aunque esos campamentos no los organiza <a href=\"http:\/\/www.iberiancamps.com\">IBERIAN CAMPS<\/a> pero se encuentran en su zona, comparten su est\u00e1ndar de calidad y les permiten ampliar su oferta para verano. Iberian Camps se dedica a promocionar Alicante y alrededores como destino tur\u00edstico y vacacional aprovechando el clima y un aeropuerto muy bien conectado con muchos pa\u00edses. De hecho, muchos de los padres de los participantes llevan a sus hijos y se quedan disfrutando de vacaciones mientras su hijo se divierte.<\/p>\n<h4><span style=\"color: #000080;\"><b>\u00bfQu\u00e9 momento destacar\u00edais de toda vuestra trayectoria profesional en Iberian Camps? \u00bfQu\u00e9 ha supuesto un mayor reto y por qu\u00e9?<\/b><\/span><\/h4>\n<p>Sin duda, el momento m\u00e1s importante fue hace 2 a\u00f1os cuando conseguimos arrancar <strong>nuestro primer campamento<\/strong>. Fue muy emocionante sentir que todo el trabajo previo empezaba a dar sus frutos y por fin la rueda empezaba a moverse. Al principio de todo proyecto de emprendimiento hay que echarle muchas horas hasta que empiezas a obtener resultados.<\/p>\n<p>El mayor reto siempre es el de <strong>captar a potenciales clientes de otros pa\u00edses<\/strong>. Hay que definir muy bien la estrategia comercial y de marketing para evitar dispersarse. El planeta es muy grande y no se puede pretender llegar a todo el mundo.<\/p>\n<h4><span style=\"color: #000080;\"><b>\u00bfQu\u00e9 parte de vuestro equipo de trabajo es esencial? \u00bfHay alg\u00fan elemento que nunca deber\u00eda faltar?<\/b><\/span><\/h4>\n<p>Sin duda, <strong>mi socia y coordinadora de idiomas<\/strong> es muy importante, puesto que el aprendizaje de espa\u00f1ol o ingl\u00e9s es la principal actividad de nuestros campamentos. Y, por otro lado, es fundamental que todo el personal que est\u00e1 en contacto con los chicos tenga no s\u00f3lo experiencia y sentido de la responsabilidad, sino mucha habilidad para conectar con los j\u00f3venes.<\/p>\n<p>Todas las personas del equipo que tratamos diariamente con los chicos debemos trabajar con el \u00fanico objetivo de garantizar que estos chicos se lleven una experiencia incre\u00edble a sus casas. Si el \u00faltimo d\u00eda hay l\u00e1grimas por la despedida, podemos estar tranquilos y satisfechos con el campamento que hemos organizado.<\/p>\n<p>En este proyecto me acompa\u00f1a mi socia y amiga Mar\u00eda, que se ocupa de toda la parte docente del campamento de idiomas. El resto del equipo (profesores y monitores) se contrata para cada campamento en concreto, pero <strong>siempre trabajamos con las mismas personas<\/strong> porque ya conocemos c\u00f3mo trabajan y ellos tambi\u00e9n saben lo que esperamos de ellos. Es importante <strong>confiar en tu equipo, valorar su trabajo y dejarles libertad<\/strong> para que propongan actividades nuevas.<\/p>\n<h4><span style=\"color: #000080;\"><b>\u00bfC\u00f3mo son los campamentos de verano que organiz\u00e1is en Espa\u00f1a? \u00bfQu\u00e9 pueden esperar los participantes de los campamentos que organiz\u00e1is en cuesti\u00f3n de actividades y residencia?<\/b><\/span><\/h4>\n<p>Nuestros campamentos de ingl\u00e9s o espa\u00f1ol tienen lugar <strong>en la Universidad de Alicante<\/strong>. De hecho, nuestro alojamiento es una <strong>residencia universitaria (en habitaci\u00f3n individual con ba\u00f1o privado<\/strong> y aire acondicionado, zona de juegos\u2026) y las actividades deportivas tambi\u00e9n las realizamos en las instalaciones del campus.<\/p>\n<p>La principal actividad es el aprendizaje de ingl\u00e9s o espa\u00f1ol, porque ofrecemos <strong>4 horas diarias de clases con profesores nativos<\/strong>, de lunes a viernes. No obstante, nuestras clases de idiomas son divertidas y muy pr\u00e1cticas. Por las tardes, los chicos realizan <strong>2 deportes distintos cada d\u00eda<\/strong> <strong>o<\/strong> <strong>preparan un musical<\/strong> (con talleres de coreograf\u00eda, teatro y manualidades) que representar\u00e1n al final del campamento. Adem\u00e1s de esto, estamos en Alicante e intentamos ir mucho a la <strong>playa<\/strong>, ya que quien elige Alicante, lo hace principalmente por este motivo.<\/p>\n<p>Lo m\u00e1s divertido sucede los viernes por la tarde y los fines de semana, donde nos vamos de <strong>excursi\u00f3n<\/strong>, combinando los destinos m\u00e1s interesantes con los m\u00e1s divertidos.<\/p>\n<h4><span style=\"color: #000080;\"><b>\u00bfQu\u00e9 no puede faltar en un campamento de verano? \u00bfQu\u00e9 hace que un campamento sea \u00fanico?<\/b><\/span><\/h4>\n<p>En un campamento de verano no puede faltar<strong> la diversi\u00f3n y la sensaci\u00f3n de seguridad<\/strong>. Los chicos deben sentirse seguros en todo momento para poder pas\u00e1rselo bien. Y los padres deben estar tranquilos de ver que sus hijos est\u00e1n contentos, divirti\u00e9ndose, haciendo amigos de otros pa\u00edses y aprendiendo cosas nuevas.<\/p>\n<p>El hecho de organizar nuestros campamentos y asociarnos con otros campamentos cercanos nos ha permitido conocer muchas instalaciones locales, servicios, proveedores, etc. y por este motivo ponemos nuestro conocimiento de esta zona al servicio de grupos de adolescentes extranjeros que buscan programas espec\u00edficos fuera de la temporada estival.<\/p>\n<p>Trabajamos por tanto tambi\u00e9n con grupos de j\u00f3venes que comparten una misma afici\u00f3n en su pa\u00eds y que van buscando un lugar en el extranjero donde poder practicar su actividad favorita y combinarla con el estudio de un idioma, actividades culturales, turismo\u2026 Se trata de programas hechos a la medida y adaptados a su presupuesto.<\/p>\n<p>Cada campamento tiene una cualidad o un conjunto de ellas que le hacen \u00fanico y diferente a los dem\u00e1s. Esto puede deberse a unas instalaciones especiales, a una ubicaci\u00f3n excelente, a una tem\u00e1tica diferente\u2026<\/p>\n<p>Adem\u00e1s de nuestras instalaciones en una residencia universitaria con habitaciones individuales y ba\u00f1o privado, y nuestra localizaci\u00f3n en Alicante, de nuestro campamento se valora mucho el hecho de que <strong>juntamos a los participantes de ambos idiomas en el mismo lugar<\/strong> para que la pr\u00e1ctica del ingl\u00e9s o del espa\u00f1ol sea mayor que en otros campamentos.<\/p>\n<h4><span style=\"color: #000080;\"><b>Campamentos de la mejor calidad con ense\u00f1anza de idiomas<\/b><\/span><\/h4>\n<p><a href=\"http:\/\/www.iberiancamps.com\">Iberian Camps<\/a> es un proyecto empresarial en el que se combinan la voluntad did\u00e1ctica acerca de los idiomas ingl\u00e9s y espa\u00f1ol y la oferta de entretenimiento de gran calidad para ni\u00f1os y adolescentes. Adem\u00e1s, se aprovechan de las ventajas que la provincia de Alicante ofrece como paraje tur\u00edstico de alta calidad con excelentes comunicaciones en el entorno europeo y mediterr\u00e1neo. Las actividades deportivas y culturales fomentan el intercambio entre alumnos de ingl\u00e9s y de espa\u00f1ol, cuya convivencia permite un aprendizaje m\u00e1s efectivo, din\u00e1mico y divertido.<\/p>\n<p>&nbsp;<\/p>\n","protected":false},"excerpt":{"rendered":"<p>Os adjuntamos la \u00faltima entrevista que nos ha hecho el portal ProntoPro y que nos gustar\u00eda compartir con vosotros tambi\u00e9n.\u00a0 &nbsp; Lorena Javaloyes dirige desde hace 3 a\u00f1os la empresa que cre\u00f3 ella misma, IBERIAN CAMPS. Estudi\u00f3 Traducci\u00f3n e Interpretaci\u00f3n en la Universidad de Alicante, por lo que su vida siempre ha estado ligada a<\/p>\n","protected":false},"author":3,"featured_media":11826,"comment_status":"open","ping_status":"open","sticky":false,"template":"","format":"standard","meta":{"footnotes":""},"categories":[149],"tags":[],"class_list":["post-12245","post","type-post","status-publish","format-standard","has-post-thumbnail","hentry","category-non-classifiee"],"yoast_head":"<!-- This site is optimized with the Yoast SEO Premium plugin v18.2.1 (Yoast SEO v27.4) - https:\/\/yoast.com\/product\/yoast-seo-premium-wordpress\/ -->\n<title>\u25b7 Diversi\u00f3n y aprendizaje de idiomas en Alicante - IBERIAN CAMPS \u30102020\u3011<\/title>\n<meta name=\"robots\" content=\"index, follow, max-snippet:-1, max-image-preview:large, max-video-preview:-1\" \/>\n<link rel=\"canonical\" href=\"https:\/\/iberiancamps.com\/fr\/diversion-y-aprendizaje-de-idiomas-en-alicante\/\" \/>\n<meta property=\"og:locale\" content=\"fr_FR\" \/>\n<meta property=\"og:type\" content=\"article\" \/>\n<meta property=\"og:title\" content=\"Diversi\u00f3n y aprendizaje de idiomas en Alicante\" \/>\n<meta property=\"og:description\" content=\"Os adjuntamos la \u00faltima entrevista que nos ha hecho el portal ProntoPro y que nos gustar\u00eda compartir con vosotros tambi\u00e9n.\u00a0 &nbsp; Lorena Javaloyes dirige desde hace 3 a\u00f1os la empresa que cre\u00f3 ella misma, IBERIAN CAMPS. Estudi\u00f3 Traducci\u00f3n e Interpretaci\u00f3n en la Universidad de Alicante, por lo que su vida siempre ha estado ligada a\" \/>\n<meta property=\"og:url\" content=\"https:\/\/iberiancamps.com\/fr\/diversion-y-aprendizaje-de-idiomas-en-alicante\/\" \/>\n<meta property=\"og:site_name\" content=\"IBERIAN CAMPS\" \/>\n<meta property=\"article:publisher\" content=\"https:\/\/www.facebook.com\/iberiancamps\" \/>\n<meta property=\"article:published_time\" content=\"2020-01-28T10:26:37+00:00\" \/>\n<meta property=\"og:image\" content=\"https:\/\/iberiancamps.com\/wp-content\/uploads\/2019\/12\/IMG_5247.jpg\" \/>\n\t<meta property=\"og:image:width\" content=\"1248\" \/>\n\t<meta property=\"og:image:height\" content=\"658\" \/>\n\t<meta property=\"og:image:type\" content=\"image\/jpeg\" \/>\n<meta name=\"author\" content=\"Iberian Camps\" \/>\n<meta name=\"twitter:card\" content=\"summary_large_image\" \/>\n<meta name=\"twitter:label1\" content=\"\u00c9crit par\" \/>\n\t<meta name=\"twitter:data1\" content=\"Iberian Camps\" \/>\n\t<meta name=\"twitter:label2\" content=\"Dur\u00e9e de lecture estim\u00e9e\" \/>\n\t<meta name=\"twitter:data2\" content=\"7 minutes\" \/>\n<script type=\"application\/ld+json\" class=\"yoast-schema-graph\">{\"@context\":\"https:\\\/\\\/schema.org\",\"@graph\":[{\"@type\":\"Article\",\"@id\":\"https:\\\/\\\/iberiancamps.com\\\/fr\\\/diversion-y-aprendizaje-de-idiomas-en-alicante\\\/#article\",\"isPartOf\":{\"@id\":\"https:\\\/\\\/iberiancamps.com\\\/fr\\\/diversion-y-aprendizaje-de-idiomas-en-alicante\\\/\"},\"author\":{\"name\":\"Iberian Camps\",\"@id\":\"https:\\\/\\\/iberiancamps.com\\\/fr\\\/#\\\/schema\\\/person\\\/00730e1b30a690d231145ae518d9e8ef\"},\"headline\":\"Diversi\u00f3n y aprendizaje de idiomas en Alicante\",\"datePublished\":\"2020-01-28T10:26:37+00:00\",\"mainEntityOfPage\":{\"@id\":\"https:\\\/\\\/iberiancamps.com\\\/fr\\\/diversion-y-aprendizaje-de-idiomas-en-alicante\\\/\"},\"wordCount\":1404,\"commentCount\":0,\"publisher\":{\"@id\":\"https:\\\/\\\/iberiancamps.com\\\/fr\\\/#organization\"},\"image\":{\"@id\":\"https:\\\/\\\/iberiancamps.com\\\/fr\\\/diversion-y-aprendizaje-de-idiomas-en-alicante\\\/#primaryimage\"},\"thumbnailUrl\":\"https:\\\/\\\/iberiancamps.com\\\/wp-content\\\/uploads\\\/2019\\\/12\\\/IMG_5247.jpg\",\"articleSection\":[\"Non classifi\u00e9(e)\"],\"inLanguage\":\"fr-FR\",\"potentialAction\":[{\"@type\":\"CommentAction\",\"name\":\"Comment\",\"target\":[\"https:\\\/\\\/iberiancamps.com\\\/fr\\\/diversion-y-aprendizaje-de-idiomas-en-alicante\\\/#respond\"]}]},{\"@type\":\"WebPage\",\"@id\":\"https:\\\/\\\/iberiancamps.com\\\/fr\\\/diversion-y-aprendizaje-de-idiomas-en-alicante\\\/\",\"url\":\"https:\\\/\\\/iberiancamps.com\\\/fr\\\/diversion-y-aprendizaje-de-idiomas-en-alicante\\\/\",\"name\":\"\u25b7 Diversi\u00f3n y aprendizaje de idiomas en Alicante - IBERIAN CAMPS \u30102020\u3011\",\"isPartOf\":{\"@id\":\"https:\\\/\\\/iberiancamps.com\\\/fr\\\/#website\"},\"primaryImageOfPage\":{\"@id\":\"https:\\\/\\\/iberiancamps.com\\\/fr\\\/diversion-y-aprendizaje-de-idiomas-en-alicante\\\/#primaryimage\"},\"image\":{\"@id\":\"https:\\\/\\\/iberiancamps.com\\\/fr\\\/diversion-y-aprendizaje-de-idiomas-en-alicante\\\/#primaryimage\"},\"thumbnailUrl\":\"https:\\\/\\\/iberiancamps.com\\\/wp-content\\\/uploads\\\/2019\\\/12\\\/IMG_5247.jpg\",\"datePublished\":\"2020-01-28T10:26:37+00:00\",\"breadcrumb\":{\"@id\":\"https:\\\/\\\/iberiancamps.com\\\/fr\\\/diversion-y-aprendizaje-de-idiomas-en-alicante\\\/#breadcrumb\"},\"inLanguage\":\"fr-FR\",\"potentialAction\":[{\"@type\":\"ReadAction\",\"target\":[\"https:\\\/\\\/iberiancamps.com\\\/fr\\\/diversion-y-aprendizaje-de-idiomas-en-alicante\\\/\"]}]},{\"@type\":\"ImageObject\",\"inLanguage\":\"fr-FR\",\"@id\":\"https:\\\/\\\/iberiancamps.com\\\/fr\\\/diversion-y-aprendizaje-de-idiomas-en-alicante\\\/#primaryimage\",\"url\":\"https:\\\/\\\/iberiancamps.com\\\/wp-content\\\/uploads\\\/2019\\\/12\\\/IMG_5247.jpg\",\"contentUrl\":\"https:\\\/\\\/iberiancamps.com\\\/wp-content\\\/uploads\\\/2019\\\/12\\\/IMG_5247.jpg\",\"width\":1248,\"height\":658,\"caption\":\"foto de grupo con diplomas\"},{\"@type\":\"BreadcrumbList\",\"@id\":\"https:\\\/\\\/iberiancamps.com\\\/fr\\\/diversion-y-aprendizaje-de-idiomas-en-alicante\\\/#breadcrumb\",\"itemListElement\":[{\"@type\":\"ListItem\",\"position\":1,\"name\":\"Portada\",\"item\":\"https:\\\/\\\/iberiancamps.com\\\/fr\\\/\"},{\"@type\":\"ListItem\",\"position\":2,\"name\":\"Diversi\u00f3n y aprendizaje de idiomas en Alicante\"}]},{\"@type\":\"WebSite\",\"@id\":\"https:\\\/\\\/iberiancamps.com\\\/fr\\\/#website\",\"url\":\"https:\\\/\\\/iberiancamps.com\\\/fr\\\/\",\"name\":\"IBERIAN CAMPS\",\"description\":\"The Language Experience\",\"publisher\":{\"@id\":\"https:\\\/\\\/iberiancamps.com\\\/fr\\\/#organization\"},\"potentialAction\":[{\"@type\":\"SearchAction\",\"target\":{\"@type\":\"EntryPoint\",\"urlTemplate\":\"https:\\\/\\\/iberiancamps.com\\\/fr\\\/?s={search_term_string}\"},\"query-input\":{\"@type\":\"PropertyValueSpecification\",\"valueRequired\":true,\"valueName\":\"search_term_string\"}}],\"inLanguage\":\"fr-FR\"},{\"@type\":\"Organization\",\"@id\":\"https:\\\/\\\/iberiancamps.com\\\/fr\\\/#organization\",\"name\":\"IBERIAN CAMPS\",\"url\":\"https:\\\/\\\/iberiancamps.com\\\/fr\\\/\",\"logo\":{\"@type\":\"ImageObject\",\"inLanguage\":\"fr-FR\",\"@id\":\"https:\\\/\\\/iberiancamps.com\\\/fr\\\/#\\\/schema\\\/logo\\\/image\\\/\",\"url\":\"https:\\\/\\\/iberiancamps.com\\\/wp-content\\\/uploads\\\/2017\\\/03\\\/logo.png\",\"contentUrl\":\"https:\\\/\\\/iberiancamps.com\\\/wp-content\\\/uploads\\\/2017\\\/03\\\/logo.png\",\"width\":300,\"height\":233,\"caption\":\"IBERIAN CAMPS\"},\"image\":{\"@id\":\"https:\\\/\\\/iberiancamps.com\\\/fr\\\/#\\\/schema\\\/logo\\\/image\\\/\"},\"sameAs\":[\"https:\\\/\\\/www.facebook.com\\\/iberiancamps\",\"https:\\\/\\\/www.youtube.com\\\/iberiancamps\",\"https:\\\/\\\/www.instagram.com\\\/iberiancamps\"]},{\"@type\":\"Person\",\"@id\":\"https:\\\/\\\/iberiancamps.com\\\/fr\\\/#\\\/schema\\\/person\\\/00730e1b30a690d231145ae518d9e8ef\",\"name\":\"Iberian Camps\",\"image\":{\"@type\":\"ImageObject\",\"inLanguage\":\"fr-FR\",\"@id\":\"https:\\\/\\\/secure.gravatar.com\\\/avatar\\\/8560d9a870f116ace89a3187d8af18d983fc736209db2e7d4c105f04148fc344?s=96&d=mm&r=g\",\"url\":\"https:\\\/\\\/secure.gravatar.com\\\/avatar\\\/8560d9a870f116ace89a3187d8af18d983fc736209db2e7d4c105f04148fc344?s=96&d=mm&r=g\",\"contentUrl\":\"https:\\\/\\\/secure.gravatar.com\\\/avatar\\\/8560d9a870f116ace89a3187d8af18d983fc736209db2e7d4c105f04148fc344?s=96&d=mm&r=g\",\"caption\":\"Iberian Camps\"}}]}<\/script>\n<!-- \/ Yoast SEO Premium plugin. -->","yoast_head_json":{"title":"\u25b7 Diversi\u00f3n y aprendizaje de idiomas en Alicante - IBERIAN CAMPS \u30102020\u3011","robots":{"index":"index","follow":"follow","max-snippet":"max-snippet:-1","max-image-preview":"max-image-preview:large","max-video-preview":"max-video-preview:-1"},"canonical":"https:\/\/iberiancamps.com\/fr\/diversion-y-aprendizaje-de-idiomas-en-alicante\/","og_locale":"fr_FR","og_type":"article","og_title":"Diversi\u00f3n y aprendizaje de idiomas en Alicante","og_description":"Os adjuntamos la \u00faltima entrevista que nos ha hecho el portal ProntoPro y que nos gustar\u00eda compartir con vosotros tambi\u00e9n.\u00a0 &nbsp; Lorena Javaloyes dirige desde hace 3 a\u00f1os la empresa que cre\u00f3 ella misma, IBERIAN CAMPS. Estudi\u00f3 Traducci\u00f3n e Interpretaci\u00f3n en la Universidad de Alicante, por lo que su vida siempre ha estado ligada a","og_url":"https:\/\/iberiancamps.com\/fr\/diversion-y-aprendizaje-de-idiomas-en-alicante\/","og_site_name":"IBERIAN CAMPS","article_publisher":"https:\/\/www.facebook.com\/iberiancamps","article_published_time":"2020-01-28T10:26:37+00:00","og_image":[{"width":1248,"height":658,"url":"https:\/\/iberiancamps.com\/wp-content\/uploads\/2019\/12\/IMG_5247.jpg","type":"image\/jpeg"}],"author":"Iberian Camps","twitter_card":"summary_large_image","twitter_misc":{"\u00c9crit par":"Iberian Camps","Dur\u00e9e de lecture estim\u00e9e":"7 minutes"},"schema":{"@context":"https:\/\/schema.org","@graph":[{"@type":"Article","@id":"https:\/\/iberiancamps.com\/fr\/diversion-y-aprendizaje-de-idiomas-en-alicante\/#article","isPartOf":{"@id":"https:\/\/iberiancamps.com\/fr\/diversion-y-aprendizaje-de-idiomas-en-alicante\/"},"author":{"name":"Iberian Camps","@id":"https:\/\/iberiancamps.com\/fr\/#\/schema\/person\/00730e1b30a690d231145ae518d9e8ef"},"headline":"Diversi\u00f3n y aprendizaje de idiomas en Alicante","datePublished":"2020-01-28T10:26:37+00:00","mainEntityOfPage":{"@id":"https:\/\/iberiancamps.com\/fr\/diversion-y-aprendizaje-de-idiomas-en-alicante\/"},"wordCount":1404,"commentCount":0,"publisher":{"@id":"https:\/\/iberiancamps.com\/fr\/#organization"},"image":{"@id":"https:\/\/iberiancamps.com\/fr\/diversion-y-aprendizaje-de-idiomas-en-alicante\/#primaryimage"},"thumbnailUrl":"https:\/\/iberiancamps.com\/wp-content\/uploads\/2019\/12\/IMG_5247.jpg","articleSection":["Non classifi\u00e9(e)"],"inLanguage":"fr-FR","potentialAction":[{"@type":"CommentAction","name":"Comment","target":["https:\/\/iberiancamps.com\/fr\/diversion-y-aprendizaje-de-idiomas-en-alicante\/#respond"]}]},{"@type":"WebPage","@id":"https:\/\/iberiancamps.com\/fr\/diversion-y-aprendizaje-de-idiomas-en-alicante\/","url":"https:\/\/iberiancamps.com\/fr\/diversion-y-aprendizaje-de-idiomas-en-alicante\/","name":"\u25b7 Diversi\u00f3n y aprendizaje de idiomas en Alicante - IBERIAN CAMPS \u30102020\u3011","isPartOf":{"@id":"https:\/\/iberiancamps.com\/fr\/#website"},"primaryImageOfPage":{"@id":"https:\/\/iberiancamps.com\/fr\/diversion-y-aprendizaje-de-idiomas-en-alicante\/#primaryimage"},"image":{"@id":"https:\/\/iberiancamps.com\/fr\/diversion-y-aprendizaje-de-idiomas-en-alicante\/#primaryimage"},"thumbnailUrl":"https:\/\/iberiancamps.com\/wp-content\/uploads\/2019\/12\/IMG_5247.jpg","datePublished":"2020-01-28T10:26:37+00:00","breadcrumb":{"@id":"https:\/\/iberiancamps.com\/fr\/diversion-y-aprendizaje-de-idiomas-en-alicante\/#breadcrumb"},"inLanguage":"fr-FR","potentialAction":[{"@type":"ReadAction","target":["https:\/\/iberiancamps.com\/fr\/diversion-y-aprendizaje-de-idiomas-en-alicante\/"]}]},{"@type":"ImageObject","inLanguage":"fr-FR","@id":"https:\/\/iberiancamps.com\/fr\/diversion-y-aprendizaje-de-idiomas-en-alicante\/#primaryimage","url":"https:\/\/iberiancamps.com\/wp-content\/uploads\/2019\/12\/IMG_5247.jpg","contentUrl":"https:\/\/iberiancamps.com\/wp-content\/uploads\/2019\/12\/IMG_5247.jpg","width":1248,"height":658,"caption":"foto de grupo con diplomas"},{"@type":"BreadcrumbList","@id":"https:\/\/iberiancamps.com\/fr\/diversion-y-aprendizaje-de-idiomas-en-alicante\/#breadcrumb","itemListElement":[{"@type":"ListItem","position":1,"name":"Portada","item":"https:\/\/iberiancamps.com\/fr\/"},{"@type":"ListItem","position":2,"name":"Diversi\u00f3n y aprendizaje de idiomas en Alicante"}]},{"@type":"WebSite","@id":"https:\/\/iberiancamps.com\/fr\/#website","url":"https:\/\/iberiancamps.com\/fr\/","name":"IBERIAN CAMPS","description":"The Language Experience","publisher":{"@id":"https:\/\/iberiancamps.com\/fr\/#organization"},"potentialAction":[{"@type":"SearchAction","target":{"@type":"EntryPoint","urlTemplate":"https:\/\/iberiancamps.com\/fr\/?s={search_term_string}"},"query-input":{"@type":"PropertyValueSpecification","valueRequired":true,"valueName":"search_term_string"}}],"inLanguage":"fr-FR"},{"@type":"Organization","@id":"https:\/\/iberiancamps.com\/fr\/#organization","name":"IBERIAN CAMPS","url":"https:\/\/iberiancamps.com\/fr\/","logo":{"@type":"ImageObject","inLanguage":"fr-FR","@id":"https:\/\/iberiancamps.com\/fr\/#\/schema\/logo\/image\/","url":"https:\/\/iberiancamps.com\/wp-content\/uploads\/2017\/03\/logo.png","contentUrl":"https:\/\/iberiancamps.com\/wp-content\/uploads\/2017\/03\/logo.png","width":300,"height":233,"caption":"IBERIAN CAMPS"},"image":{"@id":"https:\/\/iberiancamps.com\/fr\/#\/schema\/logo\/image\/"},"sameAs":["https:\/\/www.facebook.com\/iberiancamps","https:\/\/www.youtube.com\/iberiancamps","https:\/\/www.instagram.com\/iberiancamps"]},{"@type":"Person","@id":"https:\/\/iberiancamps.com\/fr\/#\/schema\/person\/00730e1b30a690d231145ae518d9e8ef","name":"Iberian Camps","image":{"@type":"ImageObject","inLanguage":"fr-FR","@id":"https:\/\/secure.gravatar.com\/avatar\/8560d9a870f116ace89a3187d8af18d983fc736209db2e7d4c105f04148fc344?s=96&d=mm&r=g","url":"https:\/\/secure.gravatar.com\/avatar\/8560d9a870f116ace89a3187d8af18d983fc736209db2e7d4c105f04148fc344?s=96&d=mm&r=g","contentUrl":"https:\/\/secure.gravatar.com\/avatar\/8560d9a870f116ace89a3187d8af18d983fc736209db2e7d4c105f04148fc344?s=96&d=mm&r=g","caption":"Iberian Camps"}}]}},"_links":{"self":[{"href":"https:\/\/iberiancamps.com\/fr\/wp-json\/wp\/v2\/posts\/12245","targetHints":{"allow":["GET"]}}],"collection":[{"href":"https:\/\/iberiancamps.com\/fr\/wp-json\/wp\/v2\/posts"}],"about":[{"href":"https:\/\/iberiancamps.com\/fr\/wp-json\/wp\/v2\/types\/post"}],"author":[{"embeddable":true,"href":"https:\/\/iberiancamps.com\/fr\/wp-json\/wp\/v2\/users\/3"}],"replies":[{"embeddable":true,"href":"https:\/\/iberiancamps.com\/fr\/wp-json\/wp\/v2\/comments?post=12245"}],"version-history":[{"count":1,"href":"https:\/\/iberiancamps.com\/fr\/wp-json\/wp\/v2\/posts\/12245\/revisions"}],"predecessor-version":[{"id":12258,"href":"https:\/\/iberiancamps.com\/fr\/wp-json\/wp\/v2\/posts\/12245\/revisions\/12258"}],"wp:featuredmedia":[{"embeddable":true,"href":"https:\/\/iberiancamps.com\/fr\/wp-json\/wp\/v2\/media\/11826"}],"wp:attachment":[{"href":"https:\/\/iberiancamps.com\/fr\/wp-json\/wp\/v2\/media?parent=12245"}],"wp:term":[{"taxonomy":"category","embeddable":true,"href":"https:\/\/iberiancamps.com\/fr\/wp-json\/wp\/v2\/categories?post=12245"},{"taxonomy":"post_tag","embeddable":true,"href":"https:\/\/iberiancamps.com\/fr\/wp-json\/wp\/v2\/tags?post=12245"}],"curies":[{"name":"wp","href":"https:\/\/api.w.org\/{rel}","templated":true}]}}